{"id":2192,"date":"2026-08-30T11:00:00","date_gmt":"2026-08-30T14:00:00","guid":{"rendered":"https:\/\/psicult.com.br\/?p=2192"},"modified":"2026-08-29T00:11:47","modified_gmt":"2026-08-29T03:11:47","slug":"narrativas-historias-que-inspiram-conectam-e-constroem-o-futuro","status":"publish","type":"post","link":"https:\/\/psicult.com.br\/index.php\/2026\/08\/30\/narrativas-historias-que-inspiram-conectam-e-constroem-o-futuro\/","title":{"rendered":"NARRATIVAS | Hist\u00f3rias que inspiram, conectam e constroem o futuro"},"content":{"rendered":"\n<p>Agosto foi um m\u00eas especial para o <strong>Narrativas<\/strong>! \ud83d\udc9a<\/p>\n\n\n\n<p>Ao longo do m\u00eas, recebemos convidados que compartilharam suas hist\u00f3rias, experi\u00eancias, conhecimentos e diferentes perspectivas sobre a vida, a cultura, o cuidado, a criatividade e o bem-estar.<\/p>\n\n\n\n<p>\ud83c\udf99\ufe0f <strong>Confira as entrevistas especiais de agosto:<\/strong><\/p>\n\n\n\n<p>\ud83d\udcc5 <strong>05\/08 \u2014 Jean Spall<\/strong><br>\ud83e\ude7a <em>Sa\u00fade em primeiro lugar<\/em><\/p>\n\n\n\n<p>\ud83d\udcc5 <strong>12\/08 \u2014 Beth Bado e Nelson Haas<\/strong><br>\ud83c\udfa8 <em>A magia da criatividade<\/em><\/p>\n\n\n\n<p>\ud83d\udcc5 <strong>19\/08 \u2014 Everson Boeira Weber<\/strong><br>\ud83c\udf31 <em>Uma hist\u00f3ria de cuidados com o bem viver<\/em><\/p>\n\n\n\n<p>\ud83d\udcc5 <strong>26\/08 \u2014 Adriana Guimar\u00e3es<\/strong><br>\ud83c\udfe1 <em>A cultura que vem de ber\u00e7o<\/em><\/p>\n\n\n\n<p>Cada encontro trouxe uma hist\u00f3ria \u00fanica e refor\u00e7ou a import\u00e2ncia de <strong>preservar mem\u00f3rias, compartilhar experi\u00eancias e valorizar as pessoas e suas trajet\u00f3rias<\/strong>.<\/p>\n\n\n\n<p>O <strong>Narrativas<\/strong> \u00e9 um projeto realizado pelo <strong>Fundo Social, Instituto da Pessoa, Sicredi e Psicult \u2013 Centro de Humanidades e Habilidades<\/strong>, com condu\u00e7\u00e3o dos psic\u00f3logos <strong>Camila Heidrich e Marco Aur\u00e9lio Alves<\/strong>.<\/p>\n\n\n\n<p>\ud83c\udf3f <strong>Narrativas que inspiram, conectam e constroem o futuro.<\/strong><\/p>\n\n\n\n<figure class=\"wp-block-image size-large\"><img loading=\"lazy\" decoding=\"async\" width=\"1024\" height=\"683\" src=\"https:\/\/psicult.com.br\/wp-content\/uploads\/2026\/08\/image-1024x683.png\" alt=\"\" class=\"wp-image-2193\" srcset=\"https:\/\/psicult.com.br\/wp-content\/uploads\/2026\/08\/image-1024x683.png 1024w, https:\/\/psicult.com.br\/wp-content\/uploads\/2026\/08\/image-300x200.png 300w, https:\/\/psicult.com.br\/wp-content\/uploads\/2026\/08\/image-768x512.png 768w, https:\/\/psicult.com.br\/wp-content\/uploads\/2026\/08\/image.png 1536w\" sizes=\"auto, (max-width: 1024px) 100vw, 1024px\" \/><\/figure>\n\n\n\n<p>Acompanhe nossas redes e venha fazer parte dessas hist\u00f3rias!<\/p>\n\n\n\n<p>#Narrativas #InstitutoDaPessoa #PsicultHumanidades #FundoSocial #Sicredi #Hist\u00f3riasQueInspiram #Cultura #Mem\u00f3ria #Conhecimento #DesenvolvimentoHumano #Humanidades #CanelaRS #SerraGa\u00facha #Entrevistas #Hist\u00f3rias #BemViver #Criatividade #Sa\u00fade #CulturaLocal<\/p>\n\n\n\n<p><\/p>\n","protected":false},"excerpt":{"rendered":"<p>Agosto foi um m\u00eas especial para o Narrativas! \ud83d\udc9a Ao longo do m\u00eas, recebemos convidados que compartilharam suas hist\u00f3rias, experi\u00eancias, conhecimentos e diferentes perspectivas sobre a vida, a cultura, o cuidado, a criatividade e o bem-estar. \ud83c\udf99\ufe0f Confira as entrevistas especiais de agosto: \ud83d\udcc5 05\/08 \u2014 Jean Spall\ud83e\ude7a Sa\u00fade em primeiro lugar \ud83d\udcc5 12\/08 \u2014 &hellip;<\/p>\n<p class=\"read-more\"> <a class=\"\" href=\"https:\/\/psicult.com.br\/index.php\/2026\/08\/30\/narrativas-historias-que-inspiram-conectam-e-constroem-o-futuro\/\"> <span class=\"screen-reader-text\">NARRATIVAS | Hist\u00f3rias que inspiram, conectam e constroem o futuro<\/span> Leia mais &raquo;<\/a><\/p>\n","protected":false},"author":2,"featured_media":0,"comment_status":"open","ping_status":"open","sticky":false,"template":"","format":"standard","meta":{"_mi_skip_tracking":false,"_monsterinsights_sitenote_active":false,"_monsterinsights_sitenote_note":"","_monsterinsights_sitenote_category":0,"site-sidebar-layout":"default","site-content-layout":"default","ast-global-header-display":"","ast-banner-title-visibility":"","ast-main-header-display":"","ast-hfb-above-header-display":"","ast-hfb-below-header-display":"","ast-hfb-mobile-header-display":"","site-post-title":"","ast-breadcrumbs-content":"","ast-featured-img":"","footer-sml-layout":"","theme-transparent-header-meta":"","adv-header-id-meta":"","stick-header-meta":"","header-above-stick-meta":"","header-main-stick-meta":"","header-below-stick-meta":"","footnotes":""},"categories":[1],"tags":[],"class_list":["post-2192","post","type-post","status-publish","format-standard","hentry","category-sem-categoria"],"_links":{"self":[{"href":"https:\/\/psicult.com.br\/index.php\/wp-json\/wp\/v2\/posts\/2192","targetHints":{"allow":["GET"]}}],"collection":[{"href":"https:\/\/psicult.com.br\/index.php\/wp-json\/wp\/v2\/posts"}],"about":[{"href":"https:\/\/psicult.com.br\/index.php\/wp-json\/wp\/v2\/types\/post"}],"author":[{"embeddable":true,"href":"https:\/\/psicult.com.br\/index.php\/wp-json\/wp\/v2\/users\/2"}],"replies":[{"embeddable":true,"href":"https:\/\/psicult.com.br\/index.php\/wp-json\/wp\/v2\/comments?post=2192"}],"version-history":[{"count":1,"href":"https:\/\/psicult.com.br\/index.php\/wp-json\/wp\/v2\/posts\/2192\/revisions"}],"predecessor-version":[{"id":2194,"href":"https:\/\/psicult.com.br\/index.php\/wp-json\/wp\/v2\/posts\/2192\/revisions\/2194"}],"wp:attachment":[{"href":"https:\/\/psicult.com.br\/index.php\/wp-json\/wp\/v2\/media?parent=2192"}],"wp:term":[{"taxonomy":"category","embeddable":true,"href":"https:\/\/psicult.com.br\/index.php\/wp-json\/wp\/v2\/categories?post=2192"},{"taxonomy":"post_tag","embeddable":true,"href":"https:\/\/psicult.com.br\/index.php\/wp-json\/wp\/v2\/tags?post=2192"}],"curies":[{"name":"wp","href":"https:\/\/api.w.org\/{rel}","templated":true}]}}