{"id":2199,"date":"2026-08-31T11:00:00","date_gmt":"2026-08-31T14:00:00","guid":{"rendered":"https:\/\/psicult.com.br\/?p=2199"},"modified":"2026-08-29T13:02:41","modified_gmt":"2026-08-29T16:02:41","slug":"narrativas-uma-historia-de-cuidados-com-o-bem-viver","status":"publish","type":"post","link":"https:\/\/psicult.com.br\/index.php\/2026\/08\/31\/narrativas-uma-historia-de-cuidados-com-o-bem-viver\/","title":{"rendered":"NARRATIVAS | Uma hist\u00f3ria de cuidados com o bem viver"},"content":{"rendered":"\n<p>Toda hist\u00f3ria carrega experi\u00eancias, escolhas e aprendizados que podem inspirar outras pessoas.<\/p>\n\n\n\n<p>No pr\u00f3ximo encontro do <strong>Narrativas<\/strong>, teremos a alegria de receber <strong>Everson Boeira Weber<\/strong> para uma conversa especial sobre <strong>\u201cUma hist\u00f3ria de cuidados com o bem viver\u201d<\/strong>. \ud83d\udc9a<\/p>\n\n\n\n<p>Um momento para ouvir, refletir e compartilhar experi\u00eancias sobre as escolhas que fazemos ao longo da vida e aquilo que realmente contribui para uma vida com mais significado, equil\u00edbrio e bem-estar.<\/p>\n\n\n\n<p>\ud83c\udf99\ufe0f <strong>Condu\u00e7\u00e3o:<\/strong><br>Psic\u00f3logos <strong>Camila Heidrich e Marco Aur\u00e9lio Alves<\/strong><\/p>\n\n\n\n<p>\ud83d\udcc5 <strong>19 de agosto de 2026<\/strong><br>\u23f0 <strong>19h30<\/strong><br>\ud83d\udccd <strong>Espa\u00e7o Sicredi \u2014 Centro, Canela\/RS<\/strong><\/p>\n\n\n\n<p>\u2728 Um encontro que valoriza a cultura, a mem\u00f3ria e o conhecimento.<\/p>\n\n\n\n<p><strong>Narrativas que inspiram, conectam e constroem o futuro.<\/strong><\/p>\n\n\n\n<figure class=\"wp-block-image size-large\"><img loading=\"lazy\" decoding=\"async\" width=\"1024\" height=\"1024\" src=\"https:\/\/psicult.com.br\/wp-content\/uploads\/2026\/08\/image-2-1024x1024.png\" alt=\"\" class=\"wp-image-2200\" srcset=\"https:\/\/psicult.com.br\/wp-content\/uploads\/2026\/08\/image-2-1024x1024.png 1024w, https:\/\/psicult.com.br\/wp-content\/uploads\/2026\/08\/image-2-300x300.png 300w, https:\/\/psicult.com.br\/wp-content\/uploads\/2026\/08\/image-2-150x150.png 150w, https:\/\/psicult.com.br\/wp-content\/uploads\/2026\/08\/image-2-768x768.png 768w, https:\/\/psicult.com.br\/wp-content\/uploads\/2026\/08\/image-2.png 1254w\" sizes=\"auto, (max-width: 1024px) 100vw, 1024px\" \/><\/figure>\n\n\n\n<p>Venha fazer parte dessa hist\u00f3ria! \ud83c\udf31<\/p>\n\n\n\n<p>#Narrativas #InstitutoDaPessoa #PsicultHumanidades #Sicredi #FundoSocial #EversonBoeiraWeber #BemViver #QualidadeDeVida #Hist\u00f3riasQueInspiram #Humanidades #Cultura #Mem\u00f3ria #Conhecimento #CanelaRS #SerraGa\u00facha #DesenvolvimentoHumano #Psicologia #BemEstar<\/p>\n","protected":false},"excerpt":{"rendered":"<p>Toda hist\u00f3ria carrega experi\u00eancias, escolhas e aprendizados que podem inspirar outras pessoas. No pr\u00f3ximo encontro do Narrativas, teremos a alegria de receber Everson Boeira Weber para uma conversa especial sobre \u201cUma hist\u00f3ria de cuidados com o bem viver\u201d. \ud83d\udc9a Um momento para ouvir, refletir e compartilhar experi\u00eancias sobre as escolhas que fazemos ao longo da &hellip;<\/p>\n<p class=\"read-more\"> <a class=\"\" href=\"https:\/\/psicult.com.br\/index.php\/2026\/08\/31\/narrativas-uma-historia-de-cuidados-com-o-bem-viver\/\"> <span class=\"screen-reader-text\">NARRATIVAS | Uma hist\u00f3ria de cuidados com o bem viver<\/span> Leia mais &raquo;<\/a><\/p>\n","protected":false},"author":2,"featured_media":0,"comment_status":"open","ping_status":"open","sticky":false,"template":"","format":"standard","meta":{"_mi_skip_tracking":false,"_monsterinsights_sitenote_active":false,"_monsterinsights_sitenote_note":"","_monsterinsights_sitenote_category":0,"site-sidebar-layout":"default","site-content-layout":"default","ast-global-header-display":"","ast-banner-title-visibility":"","ast-main-header-display":"","ast-hfb-above-header-display":"","ast-hfb-below-header-display":"","ast-hfb-mobile-header-display":"","site-post-title":"","ast-breadcrumbs-content":"","ast-featured-img":"","footer-sml-layout":"","theme-transparent-header-meta":"","adv-header-id-meta":"","stick-header-meta":"","header-above-stick-meta":"","header-main-stick-meta":"","header-below-stick-meta":"","footnotes":""},"categories":[1],"tags":[],"class_list":["post-2199","post","type-post","status-publish","format-standard","hentry","category-sem-categoria"],"_links":{"self":[{"href":"https:\/\/psicult.com.br\/index.php\/wp-json\/wp\/v2\/posts\/2199","targetHints":{"allow":["GET"]}}],"collection":[{"href":"https:\/\/psicult.com.br\/index.php\/wp-json\/wp\/v2\/posts"}],"about":[{"href":"https:\/\/psicult.com.br\/index.php\/wp-json\/wp\/v2\/types\/post"}],"author":[{"embeddable":true,"href":"https:\/\/psicult.com.br\/index.php\/wp-json\/wp\/v2\/users\/2"}],"replies":[{"embeddable":true,"href":"https:\/\/psicult.com.br\/index.php\/wp-json\/wp\/v2\/comments?post=2199"}],"version-history":[{"count":1,"href":"https:\/\/psicult.com.br\/index.php\/wp-json\/wp\/v2\/posts\/2199\/revisions"}],"predecessor-version":[{"id":2201,"href":"https:\/\/psicult.com.br\/index.php\/wp-json\/wp\/v2\/posts\/2199\/revisions\/2201"}],"wp:attachment":[{"href":"https:\/\/psicult.com.br\/index.php\/wp-json\/wp\/v2\/media?parent=2199"}],"wp:term":[{"taxonomy":"category","embeddable":true,"href":"https:\/\/psicult.com.br\/index.php\/wp-json\/wp\/v2\/categories?post=2199"},{"taxonomy":"post_tag","embeddable":true,"href":"https:\/\/psicult.com.br\/index.php\/wp-json\/wp\/v2\/tags?post=2199"}],"curies":[{"name":"wp","href":"https:\/\/api.w.org\/{rel}","templated":true}]}}