{"id":2205,"date":"2026-09-02T11:00:00","date_gmt":"2026-09-02T14:00:00","guid":{"rendered":"https:\/\/psicult.com.br\/?p=2205"},"modified":"2026-08-29T13:19:47","modified_gmt":"2026-08-29T16:19:47","slug":"projeto-amarelas-o-acolhimento-das-mulheres-em-canela","status":"publish","type":"post","link":"https:\/\/psicult.com.br\/index.php\/2026\/09\/02\/projeto-amarelas-o-acolhimento-das-mulheres-em-canela\/","title":{"rendered":"PROJETO AmarElas | O acolhimento das mulheres em Canela"},"content":{"rendered":"\n<p>Cuidar tamb\u00e9m \u00e9 acolher, ouvir e compreender. \ud83c\udf37<\/p>\n\n\n\n<p>O <strong>Projeto AmarElas<\/strong> promove mais um encontro especial, trazendo um tema importante para a sa\u00fade e o bem-estar das mulheres.<\/p>\n\n\n\n<p>Nesta edi\u00e7\u00e3o, teremos a presen\u00e7a da <strong>Dra. Ivone Renck<\/strong>, falando sobre:<\/p>\n\n\n\n<p>\ud83e\udde0 <strong>O SISTEMA NERVOSO<\/strong><\/p>\n\n\n\n<p>Um momento de informa\u00e7\u00e3o, conversa e troca de experi\u00eancias, pensado para ampliar conhecimentos e fortalecer o cuidado com a sa\u00fade das mulheres.<\/p>\n\n\n\n<p>\ud83d\udcc5 <strong>08 de julho<\/strong><br>\ud83d\uddd3\ufe0f <strong>Quarta-feira<\/strong><br>\u23f0 <strong>17 horas<\/strong><br>\ud83d\udccd <strong>Sicredi \u2014 Ag\u00eancia Centro, Canela<\/strong><\/p>\n\n\n\n<figure class=\"wp-block-image size-large\"><img loading=\"lazy\" decoding=\"async\" width=\"779\" height=\"1024\" src=\"https:\/\/psicult.com.br\/wp-content\/uploads\/2026\/08\/image-5-779x1024.png\" alt=\"\" class=\"wp-image-2207\" srcset=\"https:\/\/psicult.com.br\/wp-content\/uploads\/2026\/08\/image-5-779x1024.png 779w, https:\/\/psicult.com.br\/wp-content\/uploads\/2026\/08\/image-5-228x300.png 228w, https:\/\/psicult.com.br\/wp-content\/uploads\/2026\/08\/image-5-768x1009.png 768w, https:\/\/psicult.com.br\/wp-content\/uploads\/2026\/08\/image-5.png 974w\" sizes=\"auto, (max-width: 779px) 100vw, 779px\" \/><\/figure>\n\n\n\n<p>\ud83c\udf99\ufe0f <strong>Coordena\u00e7\u00e3o:<\/strong> Psic\u00f3logo <strong>Marco Aur\u00e9lio Alves<\/strong><\/p>\n\n\n\n<p>O <strong>Projeto AmarElas<\/strong> \u00e9 uma iniciativa do <strong>Instituto da Pessoa<\/strong> e da <strong>Psicult \u2013 Centro de Humanidades e Habilidades<\/strong>, com apoio do <strong>Sicredi<\/strong> e da <strong>Secretaria Municipal de Assist\u00eancia Social de Canela<\/strong>.<\/p>\n\n\n\n<p>\ud83d\udc99 <strong>Um espa\u00e7o para acolher, informar, fortalecer e cuidar.<\/strong><\/p>\n\n\n\n<p>Venha participar desse momento especial! \ud83c\udf38<\/p>\n\n\n\n<p>#AmarELAS #ProjetoAmarELAS #InstitutoDaPessoa #PsicultHumanidades #CanelaRS #MulheresDeCanela #Acolhimento #Sa\u00fadeDaMulher #SistemaNervoso #Sa\u00fadeEbemEstar #Psicologia #Humanidades #Cuidado #Mulheres #Informa\u00e7\u00e3o #DesenvolvimentoHumano #SerraGa\u00facha<\/p>\n","protected":false},"excerpt":{"rendered":"<p>Cuidar tamb\u00e9m \u00e9 acolher, ouvir e compreender. \ud83c\udf37 O Projeto AmarElas promove mais um encontro especial, trazendo um tema importante para a sa\u00fade e o bem-estar das mulheres. Nesta edi\u00e7\u00e3o, teremos a presen\u00e7a da Dra. Ivone Renck, falando sobre: \ud83e\udde0 O SISTEMA NERVOSO Um momento de informa\u00e7\u00e3o, conversa e troca de experi\u00eancias, pensado para ampliar &hellip;<\/p>\n<p class=\"read-more\"> <a class=\"\" href=\"https:\/\/psicult.com.br\/index.php\/2026\/09\/02\/projeto-amarelas-o-acolhimento-das-mulheres-em-canela\/\"> <span class=\"screen-reader-text\">PROJETO AmarElas | O acolhimento das mulheres em Canela<\/span> Leia mais &raquo;<\/a><\/p>\n","protected":false},"author":2,"featured_media":0,"comment_status":"open","ping_status":"open","sticky":false,"template":"","format":"standard","meta":{"_mi_skip_tracking":false,"_monsterinsights_sitenote_active":false,"_monsterinsights_sitenote_note":"","_monsterinsights_sitenote_category":0,"site-sidebar-layout":"default","site-content-layout":"default","ast-global-header-display":"","ast-banner-title-visibility":"","ast-main-header-display":"","ast-hfb-above-header-display":"","ast-hfb-below-header-display":"","ast-hfb-mobile-header-display":"","site-post-title":"","ast-breadcrumbs-content":"","ast-featured-img":"","footer-sml-layout":"","theme-transparent-header-meta":"","adv-header-id-meta":"","stick-header-meta":"","header-above-stick-meta":"","header-main-stick-meta":"","header-below-stick-meta":"","footnotes":""},"categories":[1],"tags":[],"class_list":["post-2205","post","type-post","status-publish","format-standard","hentry","category-sem-categoria"],"_links":{"self":[{"href":"https:\/\/psicult.com.br\/index.php\/wp-json\/wp\/v2\/posts\/2205","targetHints":{"allow":["GET"]}}],"collection":[{"href":"https:\/\/psicult.com.br\/index.php\/wp-json\/wp\/v2\/posts"}],"about":[{"href":"https:\/\/psicult.com.br\/index.php\/wp-json\/wp\/v2\/types\/post"}],"author":[{"embeddable":true,"href":"https:\/\/psicult.com.br\/index.php\/wp-json\/wp\/v2\/users\/2"}],"replies":[{"embeddable":true,"href":"https:\/\/psicult.com.br\/index.php\/wp-json\/wp\/v2\/comments?post=2205"}],"version-history":[{"count":1,"href":"https:\/\/psicult.com.br\/index.php\/wp-json\/wp\/v2\/posts\/2205\/revisions"}],"predecessor-version":[{"id":2208,"href":"https:\/\/psicult.com.br\/index.php\/wp-json\/wp\/v2\/posts\/2205\/revisions\/2208"}],"wp:attachment":[{"href":"https:\/\/psicult.com.br\/index.php\/wp-json\/wp\/v2\/media?parent=2205"}],"wp:term":[{"taxonomy":"category","embeddable":true,"href":"https:\/\/psicult.com.br\/index.php\/wp-json\/wp\/v2\/categories?post=2205"},{"taxonomy":"post_tag","embeddable":true,"href":"https:\/\/psicult.com.br\/index.php\/wp-json\/wp\/v2\/tags?post=2205"}],"curies":[{"name":"wp","href":"https:\/\/api.w.org\/{rel}","templated":true}]}}