{"id":2209,"date":"2026-09-03T11:00:00","date_gmt":"2026-09-03T14:00:00","guid":{"rendered":"https:\/\/psicult.com.br\/?p=2209"},"modified":"2026-08-29T13:31:18","modified_gmt":"2026-08-29T16:31:18","slug":"projeto-amarelas-acolhimento-e-escuta-para-as-mulheres-em-canela","status":"publish","type":"post","link":"https:\/\/psicult.com.br\/index.php\/2026\/09\/03\/projeto-amarelas-acolhimento-e-escuta-para-as-mulheres-em-canela\/","title":{"rendered":"Projeto AmarElas: acolhimento e escuta para as mulheres em Canela"},"content":{"rendered":"\n<p>O <strong>Projeto AmarElas<\/strong> nasce com o prop\u00f3sito de oferecer um espa\u00e7o de <strong>acolhimento, escuta, di\u00e1logo e fortalecimento para as mulheres<\/strong> de Canela.<\/p>\n\n\n\n<p>Todas as quartas-feiras, \u00e0s <strong>17 horas<\/strong>, o projeto re\u00fane mulheres em um ambiente pensado para compartilhar experi\u00eancias, conversar, refletir e construir caminhos de cuidado e apoio m\u00fatuo.<\/p>\n\n\n\n<p>Mais do que um encontro, o <strong>AmarElas<\/strong> representa um convite para olhar para as hist\u00f3rias, desafios e potencialidades de cada mulher, valorizando a escuta e a constru\u00e7\u00e3o coletiva.<\/p>\n\n\n\n<p>\ud83d\udccd <strong>Local:<\/strong> Sicredi \u2013 Ag\u00eancia Centro, Canela<br>\ud83d\uddd3\ufe0f <strong>Todas as quartas-feiras<\/strong><br>\u23f0 <strong>17 horas<\/strong><br>\ud83e\udde0 <strong>Coordena\u00e7\u00e3o:<\/strong> psic\u00f3logo Marco Aur\u00e9lio Alves<\/p>\n\n\n\n<figure class=\"wp-block-image size-full\"><img loading=\"lazy\" decoding=\"async\" width=\"543\" height=\"963\" src=\"https:\/\/psicult.com.br\/wp-content\/uploads\/2026\/08\/image-6.png\" alt=\"\" class=\"wp-image-2210\" srcset=\"https:\/\/psicult.com.br\/wp-content\/uploads\/2026\/08\/image-6.png 543w, https:\/\/psicult.com.br\/wp-content\/uploads\/2026\/08\/image-6-169x300.png 169w\" sizes=\"auto, (max-width: 543px) 100vw, 543px\" \/><\/figure>\n\n\n\n<p>O projeto conta com o apoio do <strong>Sicredi<\/strong> e da <strong>Secretaria Municipal de Assist\u00eancia Social de Canela<\/strong>.<\/p>\n\n\n\n<p>\ud83d\udc9b <strong>AmarElas \u00e9 acolher, escutar, fortalecer e caminhar juntas.<\/strong><\/p>\n\n\n\n<p>AmarElas #PsicultHumanidades #InstitutoDaPessoa #CanelaRS #Mulheres #Acolhimento #Escuta #Sa\u00fadeEmocional #Cuidado #Fortalecimento #MulheresDeCanela #Assist\u00eanciaSocial #Psicologia #AcolhimentoFeminino<\/p>\n","protected":false},"excerpt":{"rendered":"<p>O Projeto AmarElas nasce com o prop\u00f3sito de oferecer um espa\u00e7o de acolhimento, escuta, di\u00e1logo e fortalecimento para as mulheres de Canela. Todas as quartas-feiras, \u00e0s 17 horas, o projeto re\u00fane mulheres em um ambiente pensado para compartilhar experi\u00eancias, conversar, refletir e construir caminhos de cuidado e apoio m\u00fatuo. Mais do que um encontro, o &hellip;<\/p>\n<p class=\"read-more\"> <a class=\"\" href=\"https:\/\/psicult.com.br\/index.php\/2026\/09\/03\/projeto-amarelas-acolhimento-e-escuta-para-as-mulheres-em-canela\/\"> <span class=\"screen-reader-text\">Projeto AmarElas: acolhimento e escuta para as mulheres em Canela<\/span> Leia mais &raquo;<\/a><\/p>\n","protected":false},"author":2,"featured_media":0,"comment_status":"open","ping_status":"open","sticky":false,"template":"","format":"standard","meta":{"_mi_skip_tracking":false,"_monsterinsights_sitenote_active":false,"_monsterinsights_sitenote_note":"","_monsterinsights_sitenote_category":0,"site-sidebar-layout":"default","site-content-layout":"default","ast-global-header-display":"","ast-banner-title-visibility":"","ast-main-header-display":"","ast-hfb-above-header-display":"","ast-hfb-below-header-display":"","ast-hfb-mobile-header-display":"","site-post-title":"","ast-breadcrumbs-content":"","ast-featured-img":"","footer-sml-layout":"","theme-transparent-header-meta":"","adv-header-id-meta":"","stick-header-meta":"","header-above-stick-meta":"","header-main-stick-meta":"","header-below-stick-meta":"","footnotes":""},"categories":[1],"tags":[],"class_list":["post-2209","post","type-post","status-publish","format-standard","hentry","category-sem-categoria"],"_links":{"self":[{"href":"https:\/\/psicult.com.br\/index.php\/wp-json\/wp\/v2\/posts\/2209","targetHints":{"allow":["GET"]}}],"collection":[{"href":"https:\/\/psicult.com.br\/index.php\/wp-json\/wp\/v2\/posts"}],"about":[{"href":"https:\/\/psicult.com.br\/index.php\/wp-json\/wp\/v2\/types\/post"}],"author":[{"embeddable":true,"href":"https:\/\/psicult.com.br\/index.php\/wp-json\/wp\/v2\/users\/2"}],"replies":[{"embeddable":true,"href":"https:\/\/psicult.com.br\/index.php\/wp-json\/wp\/v2\/comments?post=2209"}],"version-history":[{"count":1,"href":"https:\/\/psicult.com.br\/index.php\/wp-json\/wp\/v2\/posts\/2209\/revisions"}],"predecessor-version":[{"id":2211,"href":"https:\/\/psicult.com.br\/index.php\/wp-json\/wp\/v2\/posts\/2209\/revisions\/2211"}],"wp:attachment":[{"href":"https:\/\/psicult.com.br\/index.php\/wp-json\/wp\/v2\/media?parent=2209"}],"wp:term":[{"taxonomy":"category","embeddable":true,"href":"https:\/\/psicult.com.br\/index.php\/wp-json\/wp\/v2\/categories?post=2209"},{"taxonomy":"post_tag","embeddable":true,"href":"https:\/\/psicult.com.br\/index.php\/wp-json\/wp\/v2\/tags?post=2209"}],"curies":[{"name":"wp","href":"https:\/\/api.w.org\/{rel}","templated":true}]}}